{"id":2290,"date":"2021-08-30T11:18:56","date_gmt":"2021-08-30T11:18:56","guid":{"rendered":"https:\/\/espeto.es\/?p=2290"},"modified":"2021-10-12T11:32:17","modified_gmt":"2021-10-12T11:32:17","slug":"enorme-exito-de-la-7a-edicion-del-concurso-de-espetos-costa-del-sol-2021","status":"publish","type":"post","link":"https:\/\/espeto.es\/?p=2290","title":{"rendered":"Enorme \u00e9xito de la 7\u00aa edici\u00f3n del Concurso de Espetos Costa del Sol 2021"},"content":{"rendered":"<p>Jos\u00e9 Antonio Garc\u00eda Rueda, de Casa Paco, Daniel Rivera, de Los Mellizos, y Miguel Le\u00f3n, de La Mar Bonita y Espeteros a Domicilio, todos ellos de Torremolinos, han sido primer, segundo y tercer ganador del VII Concurso de Espetos Costa del Sol organizado por el C\u00edrculo de Empresarios de Torremolinos.<\/p>\n<p>Los tres premios tienen dotaci\u00f3n econ\u00f3mica de 1.000, 500 y 300 euros respectivamente, adem\u00e1s de un trofeo conmemorativo. En esta ocasi\u00f3n, han participado este pasado s\u00e1bado una veintena de espeteros de distintos municipios de la provincia en un evento que tuvo lugar en Playamar con la asistencia de la delegada territorial de Turismo, Nuria Rodr\u00edguez; la vicepresidenta segunda de la Diputaci\u00f3n de M\u00e1laga, Margarita del Cid, y el presidente de la Mancomunidad de la Costa del Sol Occidental, Jos\u00e9 Antonio Mena.<\/p>\n<p>La labor de los concursantes fue evaluada por un jurado compuesto por personas vinculadas al sector de la hosteler\u00eda y la gastronom\u00eda, empezando por el asesor gastron\u00f3mico Lutz Petry, que ha actuado como presidente.<\/p>\n<p>Con \u00e9l han estado Antonio Guevara, decano de la Facultad de Turismo; Luisa Gir\u00e1ldez, empresaria de hosteler\u00eda; To\u00f1i S\u00e1nchez, bloguera gastron\u00f3mica; Miguel Avisbal, gestor de grandes cuentas de Bodegas Barbadillo; Manuel Balanzcino, chef y asesor gastron\u00f3mico; y Reme Reina, bloguera gastron\u00f3mica.<\/p>\n<p>El presidente del C\u00edrculo de Empresarios de Torremolinos, Adolfo Trigueros, ha destacado \u00abel trabajo realizado para recuperar el formato del evento en la playa, despu\u00e9s del que el a\u00f1o pasado hubiese que hacerlo a puerta cerrada\u00bb. \u00abEs una forma de que sigamos promocionando el espeto como icono gastron\u00f3mico de la Costa del Sol y la ciudad de Torremolinos como referente tur\u00edstico\u00bb, ha agregado.<\/p>\n<p>Este a\u00f1o, la celebraci\u00f3n del concurso ha hecho especial hincapi\u00e9 en el uso de la ca\u00f1a para espetar las sardinas y los pescados presentados a concurso, no estando permitido el uso del metal para amoragar el pescado.<\/p>\n<p>Adem\u00e1s, han celebrado talleres donde los asistentes han aprendido a espetar sardinas de la mano de profesionales. Por primera vez abri\u00f3 el evento desde el medio d\u00eda para que vecinos y visitantes disfrutasen del arte del espeto durante toda la jornada.<\/p>\n<p>Agradecemos a la Diputaci\u00f3n de M\u00e1laga a trav\u00e9s de Sabor a M\u00e1laga, \u00abEl sabor que nos une\u00bb, as\u00ed como a Turismo Andaluz, Mancomunidad de Municipios de la Costa del Sol Occidental, Asociaci\u00f3n de playas, cervezas Victoria, Los Mellizos, Coca Cola, Intedya y AM Seguridad, su inestimable ayuda y colaboraci\u00f3n.<\/p>\n<p>M\u00e1s informaci\u00f3n en:<\/p>\n<p><a href=\"https:\/\/cetorremolinos.es\/\">www.cetorremolinos.es<\/a><\/p>\n<p><a href=\"https:\/\/concursodeespetos.com\/\">www.concursodeespetos.es<\/a><\/p>\n<p><img loading=\"lazy\" decoding=\"async\" class=\"alignnone size-full wp-image-2291\" src=\"https:\/\/espeto.es\/wp-content\/uploads\/2021\/10\/concurso-de-espetos-2021.jpg\" alt=\"\" width=\"1200\" height=\"600\" srcset=\"https:\/\/espeto.es\/wp-content\/uploads\/2021\/10\/concurso-de-espetos-2021.jpg 1200w, https:\/\/espeto.es\/wp-content\/uploads\/2021\/10\/concurso-de-espetos-2021-300x150.jpg 300w, https:\/\/espeto.es\/wp-content\/uploads\/2021\/10\/concurso-de-espetos-2021-1024x512.jpg 1024w, https:\/\/espeto.es\/wp-content\/uploads\/2021\/10\/concurso-de-espetos-2021-768x384.jpg 768w\" sizes=\"auto, (max-width: 1200px) 100vw, 1200px\" \/><\/p>\n","protected":false},"excerpt":{"rendered":"<p>Jos\u00e9 Antonio Garc\u00eda Rueda, de Casa Paco, Daniel Rivera, de Los Mellizos, y Miguel Le\u00f3n, de La Mar Bonita y Espeteros a Domicilio, todos ellos de Torremolinos, han sido primer, segundo y tercer ganador del VII Concurso de Espetos Costa del Sol organizado por el C\u00edrculo de Empresarios de Torremolinos. Los tres premios tienen dotaci\u00f3n&hellip;<\/p>\n","protected":false},"author":1,"featured_media":2292,"comment_status":"open","ping_status":"open","sticky":false,"template":"","format":"standard","meta":{"footnotes":""},"categories":[28,27],"tags":[],"class_list":["post-2290","post","type-post","status-publish","format-standard","has-post-thumbnail","hentry","category-concursos","category-eventos","category-28","category-27","description-off"],"_links":{"self":[{"href":"https:\/\/espeto.es\/index.php?rest_route=\/wp\/v2\/posts\/2290","targetHints":{"allow":["GET"]}}],"collection":[{"href":"https:\/\/espeto.es\/index.php?rest_route=\/wp\/v2\/posts"}],"about":[{"href":"https:\/\/espeto.es\/index.php?rest_route=\/wp\/v2\/types\/post"}],"author":[{"embeddable":true,"href":"https:\/\/espeto.es\/index.php?rest_route=\/wp\/v2\/users\/1"}],"replies":[{"embeddable":true,"href":"https:\/\/espeto.es\/index.php?rest_route=%2Fwp%2Fv2%2Fcomments&post=2290"}],"version-history":[{"count":2,"href":"https:\/\/espeto.es\/index.php?rest_route=\/wp\/v2\/posts\/2290\/revisions"}],"predecessor-version":[{"id":2295,"href":"https:\/\/espeto.es\/index.php?rest_route=\/wp\/v2\/posts\/2290\/revisions\/2295"}],"wp:featuredmedia":[{"embeddable":true,"href":"https:\/\/espeto.es\/index.php?rest_route=\/wp\/v2\/media\/2292"}],"wp:attachment":[{"href":"https:\/\/espeto.es\/index.php?rest_route=%2Fwp%2Fv2%2Fmedia&parent=2290"}],"wp:term":[{"taxonomy":"category","embeddable":true,"href":"https:\/\/espeto.es\/index.php?rest_route=%2Fwp%2Fv2%2Fcategories&post=2290"},{"taxonomy":"post_tag","embeddable":true,"href":"https:\/\/espeto.es\/index.php?rest_route=%2Fwp%2Fv2%2Ftags&post=2290"}],"curies":[{"name":"wp","href":"https:\/\/api.w.org\/{rel}","templated":true}]}}