{"id":2275,"date":"2021-10-12T11:12:01","date_gmt":"2021-10-12T11:12:01","guid":{"rendered":"https:\/\/espeto.es\/?p=2275"},"modified":"2021-10-12T11:15:01","modified_gmt":"2021-10-12T11:15:01","slug":"los-espetos-mejor-con-la-cana-de-siempre","status":"publish","type":"post","link":"https:\/\/espeto.es\/?p=2275","title":{"rendered":"Los espetos, mejor con la ca\u00f1a de siempre"},"content":{"rendered":"<p>Entrevista de <a class=\"oajrlxb2 g5ia77u1 qu0x051f esr5mh6w e9989ue4 r7d6kgcz rq0escxv nhd2j8a9 nc684nl6 p7hjln8o kvgmc6g5 cxmmr5t8 oygrvhab hcukyx3x jb3vyjys rz4wbd8a qt6c0cv9 a8nywdso i1ao9s8h esuyzwwr f1sip0of lzcic4wl q66pz984 gpro0wi8 b1v8xokw\" tabindex=\"0\" role=\"link\" href=\"https:\/\/www.facebook.com\/laopiniondemalaga\/?__cft__[0]=AZXfjiMPEpqR_cd_bhfgGJDj-PH6dZP_8Y5AjsCrXUnxVFmy2vi9lUREM1fyfGCOIKZmXzDe7_c_EhV1X-8lMnHBOw6TQb7-FNyX1oXx3psg-FfjExD3X70zoN-vIREPaRSi9pdrU2e4cA6XME-Skms2&amp;__tn__=kK-R\"><span class=\"nc684nl6\">La Opini\u00f3n de M\u00e1laga<\/span><\/a> a Jes\u00fas Moreno, historiador y miembro de la Mesa del Espeto a ra\u00edz de la publicaci\u00f3n en \u2018Cuadernos del Rebalaje\u2019 junto al f\u00edsico Manuel P\u00e9rez Mart\u00ednez de una monograf\u00eda del espeto en la que reivindica la ca\u00f1a natural frente a la de metal y da luz a la leyenda sobre la historia del merendero del Palo &#8216;La Gran Parada&#8217; y la visita del rey Alfonso XII.<\/p>\n<p><a href=\"https:\/\/www.laopiniondemalaga.es\/malaga\/2021\/10\/11\/espetos-mejor-cana-58148719.html?fbclid=IwAR3c8zGWWEPt23MkAW96jc6eApSTK2zZ-fpheRlkKFdoHolokuCd3wSUdgI\">Enlace a la noticia<\/a><\/p>\n<p><img loading=\"lazy\" decoding=\"async\" class=\"alignnone size-full wp-image-2279\" src=\"https:\/\/espeto.es\/wp-content\/uploads\/2021\/10\/entrevista-jesus-moreno2.jpg\" alt=\"\" width=\"1200\" height=\"675\" srcset=\"https:\/\/espeto.es\/wp-content\/uploads\/2021\/10\/entrevista-jesus-moreno2.jpg 1200w, https:\/\/espeto.es\/wp-content\/uploads\/2021\/10\/entrevista-jesus-moreno2-300x169.jpg 300w, https:\/\/espeto.es\/wp-content\/uploads\/2021\/10\/entrevista-jesus-moreno2-1024x576.jpg 1024w, https:\/\/espeto.es\/wp-content\/uploads\/2021\/10\/entrevista-jesus-moreno2-768x432.jpg 768w\" sizes=\"auto, (max-width: 1200px) 100vw, 1200px\" \/><\/p>\n","protected":false},"excerpt":{"rendered":"<p>Entrevista de La Opini\u00f3n de M\u00e1laga a Jes\u00fas Moreno, historiador y miembro de la Mesa del Espeto a ra\u00edz de la publicaci\u00f3n en \u2018Cuadernos del Rebalaje\u2019 junto al f\u00edsico Manuel P\u00e9rez Mart\u00ednez de una monograf\u00eda del espeto en la que reivindica la ca\u00f1a natural frente a la de metal y da luz a la leyenda&hellip;<\/p>\n","protected":false},"author":1,"featured_media":2276,"comment_status":"open","ping_status":"open","sticky":false,"template":"","format":"standard","meta":{"footnotes":""},"categories":[29],"tags":[],"class_list":["post-2275","post","type-post","status-publish","format-standard","has-post-thumbnail","hentry","category-historiografia","category-29","description-off"],"_links":{"self":[{"href":"https:\/\/espeto.es\/index.php?rest_route=\/wp\/v2\/posts\/2275","targetHints":{"allow":["GET"]}}],"collection":[{"href":"https:\/\/espeto.es\/index.php?rest_route=\/wp\/v2\/posts"}],"about":[{"href":"https:\/\/espeto.es\/index.php?rest_route=\/wp\/v2\/types\/post"}],"author":[{"embeddable":true,"href":"https:\/\/espeto.es\/index.php?rest_route=\/wp\/v2\/users\/1"}],"replies":[{"embeddable":true,"href":"https:\/\/espeto.es\/index.php?rest_route=%2Fwp%2Fv2%2Fcomments&post=2275"}],"version-history":[{"count":3,"href":"https:\/\/espeto.es\/index.php?rest_route=\/wp\/v2\/posts\/2275\/revisions"}],"predecessor-version":[{"id":2280,"href":"https:\/\/espeto.es\/index.php?rest_route=\/wp\/v2\/posts\/2275\/revisions\/2280"}],"wp:featuredmedia":[{"embeddable":true,"href":"https:\/\/espeto.es\/index.php?rest_route=\/wp\/v2\/media\/2276"}],"wp:attachment":[{"href":"https:\/\/espeto.es\/index.php?rest_route=%2Fwp%2Fv2%2Fmedia&parent=2275"}],"wp:term":[{"taxonomy":"category","embeddable":true,"href":"https:\/\/espeto.es\/index.php?rest_route=%2Fwp%2Fv2%2Fcategories&post=2275"},{"taxonomy":"post_tag","embeddable":true,"href":"https:\/\/espeto.es\/index.php?rest_route=%2Fwp%2Fv2%2Ftags&post=2275"}],"curies":[{"name":"wp","href":"https:\/\/api.w.org\/{rel}","templated":true}]}}